{"id":1427,"date":"2023-05-01T13:46:46","date_gmt":"2023-05-01T11:46:46","guid":{"rendered":"https:\/\/pracawkraju.com\/webtexty\/?p=1427"},"modified":"2023-04-20T14:11:44","modified_gmt":"2023-04-20T12:11:44","slug":"nowe-przepisy-wykorzystane-przez-rzad","status":"publish","type":"post","link":"https:\/\/pracawkraju.com\/webtexty\/nowe-przepisy-wykorzystane-przez-rzad\/","title":{"rendered":"Nowe przepisy b\u0119d\u0105 mia\u0142y wp\u0142yw na pracownik\u00f3w. Nowe informacje zostan\u0105 wykorzystane przez rz\u0105d."},"content":{"rendered":"\r\n<p>Ministerstwo Rodziny i Polityki Spo\u0142ecznej zabiega o zmian\u0119 prawa reguluj\u0105cego nowy formularz \u015bwiadectwa pracy. Resort chce wprowadzi\u0107 obowi\u0105zek podawania w dokumencie liczby dni wykorzystanych na prac\u0119 zdaln\u0105. Dodatkowo w dokumentacji znajd\u0105 si\u0119 informacje o nowych urlopach, do kt\u00f3rych pracownicy s\u0105 uprawnieni.<br \/><br \/>Nowo wprowadzone zmiany w Kodeksie pracy musz\u0105 by\u0107 uwzgl\u0119dnione przy tworzeniu nowych \u015bwiadectw pracy. Omawiamy dodatkowe urlopy (ze wzgl\u0119d\u00f3w medycznych i z powodu nieuniknionych okoliczno\u015bci) oraz zasady sporadycznej pracy zdalnej. Poniewa\u017c kolejny pracodawca musi wiedzie\u0107, ile dni urlopu mo\u017ce wykorzysta\u0107 pracownik, nale\u017cy zaktualizowa\u0107 wz\u00f3r \u015bwiadectwa pracy. To samo dotyczy dni sp\u0119dzonych <a href=\"https:\/\/pracawkraju.com\/online\/rodzaje-zlecenia.php\">na pracy z domu<\/a>.<br \/><br \/><strong>Co zmieni\u0142o si\u0119 od kwietnia 2023 r. w Kodeksie pracy?<\/strong><br \/><br \/>W \u017cycie wejd\u0105 nowe przepisy Kodeksu pracy, kt\u00f3re przyznaj\u0105 pracownikom prawo do 24 dni sporadycznej pracy zdalnej w ci\u0105gu roku kalendarzowego rozpoczynaj\u0105cego si\u0119 7 kwietnia 2023 roku. Dodatkowo dodano dwa nowe urlopy: dwa dni wolne od pracy (czyli 16 godzin) z powodu si\u0142y wy\u017cszej z mo\u017cliwo\u015bci\u0105 otrzymania po\u0142owy wynagrodzenia oraz pi\u0119\u0107 dni bezp\u0142atnego urlopu opieku\u0144czego.<br \/><br \/>Ministerstwo Rodziny i Polityki Spo\u0142ecznej d\u0105\u017cy do aktualizacji stosowanych obecnie wzor\u00f3w \u015bwiadectw pracy przede wszystkim w wyniku ww. modyfikacji. Wkr\u00f3tce zostan\u0105 dodane kolejne cz\u0119\u015bci.<br \/><br \/><strong>Kiedy zostanie zaktualizowany nowy wz\u00f3r \u015bwiadectwa pracy?<\/strong><br \/><br \/>To, \u017ce ministerstwo proponuje wprowadzenie dodatkowych pozycji zwi\u0105zanych z wymiarem dodatkowych dni wolnych wykorzystanych przez pracownika w roku, w kt\u00f3rym zako\u0144czy\u0142 prac\u0119 w danej firmie, potwierdzi\u0142o Ministerstwo Rodziny i Polityki Spo\u0142ecznej. Wz\u00f3r poka\u017ce r\u00f3wnie\u017c, ile dni sp\u0119dzi\u0142e\u015b pracuj\u0105c z domu. Siedem dni po wydaniu rozporz\u0105dzenia zacznie obowi\u0105zywa\u0107 nowy wz\u00f3r \u015bwiadectwa pracy.<\/p>\r\n","protected":false},"excerpt":{"rendered":"<p>Ministerstwo Rodziny i Polityki Spo\u0142ecznej zabiega o zmian\u0119 prawa reguluj\u0105cego nowy formularz \u015bwiadectwa pracy. Resort chce wprowadzi\u0107 obowi\u0105zek podawania w<\/p>\n","protected":false},"author":12,"featured_media":0,"comment_status":"open","ping_status":"closed","sticky":false,"template":"","format":"standard","meta":{"footnotes":""},"categories":[132],"tags":[],"_links":{"self":[{"href":"https:\/\/pracawkraju.com\/webtexty\/wp-json\/wp\/v2\/posts\/1427"}],"collection":[{"href":"https:\/\/pracawkraju.com\/webtexty\/wp-json\/wp\/v2\/posts"}],"about":[{"href":"https:\/\/pracawkraju.com\/webtexty\/wp-json\/wp\/v2\/types\/post"}],"author":[{"embeddable":true,"href":"https:\/\/pracawkraju.com\/webtexty\/wp-json\/wp\/v2\/users\/12"}],"replies":[{"embeddable":true,"href":"https:\/\/pracawkraju.com\/webtexty\/wp-json\/wp\/v2\/comments?post=1427"}],"version-history":[{"count":4,"href":"https:\/\/pracawkraju.com\/webtexty\/wp-json\/wp\/v2\/posts\/1427\/revisions"}],"predecessor-version":[{"id":1464,"href":"https:\/\/pracawkraju.com\/webtexty\/wp-json\/wp\/v2\/posts\/1427\/revisions\/1464"}],"wp:attachment":[{"href":"https:\/\/pracawkraju.com\/webtexty\/wp-json\/wp\/v2\/media?parent=1427"}],"wp:term":[{"taxonomy":"category","embeddable":true,"href":"https:\/\/pracawkraju.com\/webtexty\/wp-json\/wp\/v2\/categories?post=1427"},{"taxonomy":"post_tag","embeddable":true,"href":"https:\/\/pracawkraju.com\/webtexty\/wp-json\/wp\/v2\/tags?post=1427"}],"curies":[{"name":"wp","href":"https:\/\/api.w.org\/{rel}","templated":true}]}}